{"id":2617,"date":"2018-12-13T11:03:25","date_gmt":"2018-12-13T10:03:25","guid":{"rendered":"https:\/\/www.space-aero.org\/?p=2617"},"modified":"2020-08-18T15:03:54","modified_gmt":"2020-08-18T13:03:54","slug":"mitgliederversammlung-2018","status":"publish","type":"post","link":"https:\/\/www.space-aero.org\/de\/nachrichten\/mitgliederversammlung-2018\/","title":{"rendered":"Mitgliederversammlung M\u00e4rz 2018"},"content":{"rendered":"<p><span style=\"font-family: arial, helvetica, sans-serif; font-size: 14px; color: #333333;\">Liebe Mitglieder und Unterst\u00fctzer von SPACE!<\/span><\/p>\n<p><span style=\"font-family: arial, helvetica, sans-serif; font-size: 14px; color: #333333;\">Wir freuen uns sehr \u00fcber das au\u00dferordentlich positive Feedback zu unserer Mitgliederversammlung, die am 22. Februar 2018 bei unserem Gastgeber <span style=\"color: #005a8d;\"><a style=\"color: #005a8d;\" href=\"http:\/\/www.heggemann.com\/\"><b>HEGGEMANN AG<\/b><\/a><\/span> in Paderborn\/B\u00fcren stattfand.<!--more--><\/span> <span style=\"font-family: arial, helvetica, sans-serif; font-size: 14px; color: #333333;\">Neben dem kurzen formalen Teil haben unsere Mitglieder und G\u00e4ste durch kompetente Vortr\u00e4ge und praktische Anschauung einen Einblick in die Umsetzung von Digitalisierungsma\u00dfnahmen bei einem mittelst\u00e4ndischen Unternehmen gewinnen k\u00f6nnen.<\/span> <span style=\"font-family: arial, helvetica, sans-serif; font-size: 14px; color: #333333;\">Nat\u00fcrlich war auch \u201eNetzwerken\u201c angesagt und es haben sich zwischen den SPACE-Mitgliedern sowie den anderen anwesenden Luftfahrtunternehmen interessante Ans\u00e4tze f\u00fcr weiteren Austausch und Zusammenarbeit ergeben. Weitere Informationen zu dieser Veranstaltung sowie den Link zu den kompetenten Vortr\u00e4gen finden Sie weiter unten in diesem Newsletter.<\/span> <span style=\"font-family: arial, helvetica, sans-serif; font-size: 14px; color: #333333;\">Dieser Erfolg motiviert uns dazu, neben dem \u201eramp up\u201c unseres Kerngesch\u00e4ftes (Diagnosen &amp; Verbesserungsprojekte) schon die n\u00e4chste SPACE Netzwerkveranstaltung im Herbst 2018 zu planen.<\/span> <span style=\"font-family: arial, helvetica, sans-serif; font-size: 14px; color: #333333;\">Wir freuen uns schon jetzt, unsere Mitglieder und viele andere Unternehmen der Luftfahrtindustrie auf unserer Herbstveranstaltung wiederzusehen.<\/span> <span style=\"font-family: arial, helvetica, sans-serif; font-size: 14px; color: #333333;\">Ihr Norbert Schr\u00f6der<\/span> <span style=\"font-family: arial, helvetica, sans-serif; font-size: 14px; color: #333333;\">Gesch\u00e4ftsf\u00fchrer<\/span> <span style=\"font-family: arial, helvetica, sans-serif; font-size: 14px; color: #333333;\">SPACE Deutschland e.V.<\/span><\/p>\n","protected":false},"excerpt":{"rendered":"<p>Liebe Mitglieder und Unterst\u00fctzer von SPACE! Wir freuen uns sehr \u00fcber das au\u00dferordentlich positive Feedback zu unserer Mitgliederversammlung, die am 22. Februar 2018 bei unserem Gastgeber HEGGEMANN AG in Paderborn\/B\u00fcren stattfand.<\/p>\n","protected":false},"author":22,"featured_media":2622,"comment_status":"closed","ping_status":"closed","sticky":false,"template":"","format":"standard","meta":[],"categories":[4],"tags":[],"yoast_head":"<!-- This site is optimized with the Yoast SEO plugin v15.7 - https:\/\/yoast.com\/wordpress\/plugins\/seo\/ -->\n<title>Mitgliederversammlung M\u00e4rz 2018 - SPACE Aero<\/title>\n<meta name=\"robots\" content=\"index, follow, max-snippet:-1, max-image-preview:large, max-video-preview:-1\" \/>\n<link rel=\"canonical\" href=\"https:\/\/www.space-aero.org\/de\/nachrichten\/mitgliederversammlung-2018\/\" \/>\n<meta property=\"og:locale\" content=\"de_DE\" \/>\n<meta property=\"og:type\" content=\"article\" \/>\n<meta property=\"og:title\" content=\"Mitgliederversammlung M\u00e4rz 2018 - SPACE Aero\" \/>\n<meta property=\"og:description\" content=\"Liebe Mitglieder und Unterst\u00fctzer von SPACE! Wir freuen uns sehr \u00fcber das au\u00dferordentlich positive Feedback zu unserer Mitgliederversammlung, die am 22. Februar 2018 bei unserem Gastgeber HEGGEMANN AG in Paderborn\/B\u00fcren stattfand.\" \/>\n<meta property=\"og:url\" content=\"https:\/\/www.space-aero.org\/de\/nachrichten\/mitgliederversammlung-2018\/\" \/>\n<meta property=\"og:site_name\" content=\"SPACE Aero\" \/>\n<meta property=\"article:published_time\" content=\"2018-12-13T10:03:25+00:00\" \/>\n<meta property=\"article:modified_time\" content=\"2020-08-18T13:03:54+00:00\" \/>\n<meta property=\"og:image\" content=\"https:\/\/www.space-aero.org\/wp-content\/uploads\/2018\/12\/180222-Gruppenfoto-SPACE-bei-HEGGEMANN.jpg\" \/>\n\t<meta property=\"og:image:width\" content=\"1407\" \/>\n\t<meta property=\"og:image:height\" content=\"564\" \/>\n<meta name=\"twitter:card\" content=\"summary_large_image\" \/>\n<meta name=\"twitter:label1\" content=\"Gesch\u00e4tzte Lesezeit\">\n\t<meta name=\"twitter:data1\" content=\"1 Minute\">\n<script type=\"application\/ld+json\" class=\"yoast-schema-graph\">{\"@context\":\"https:\/\/schema.org\",\"@graph\":[{\"@type\":\"WebSite\",\"@id\":\"https:\/\/www.space-aero.org\/en\/#website\",\"url\":\"https:\/\/www.space-aero.org\/en\/\",\"name\":\"SPACE Aero\",\"description\":\"Supply chain Progress towards Aeronautical Community Excellence\",\"potentialAction\":[{\"@type\":\"SearchAction\",\"target\":\"https:\/\/www.space-aero.org\/en\/?s={search_term_string}\",\"query-input\":\"required name=search_term_string\"}],\"inLanguage\":\"de-DE\"},{\"@type\":\"ImageObject\",\"@id\":\"https:\/\/www.space-aero.org\/de\/nachrichten\/mitgliederversammlung-2018\/#primaryimage\",\"inLanguage\":\"de-DE\",\"url\":\"https:\/\/www.space-aero.org\/wp-content\/uploads\/2018\/12\/180222-Gruppenfoto-SPACE-bei-HEGGEMANN.jpg\",\"width\":1407,\"height\":564},{\"@type\":\"WebPage\",\"@id\":\"https:\/\/www.space-aero.org\/de\/nachrichten\/mitgliederversammlung-2018\/#webpage\",\"url\":\"https:\/\/www.space-aero.org\/de\/nachrichten\/mitgliederversammlung-2018\/\",\"name\":\"Mitgliederversammlung M\\u00e4rz 2018 - SPACE Aero\",\"isPartOf\":{\"@id\":\"https:\/\/www.space-aero.org\/en\/#website\"},\"primaryImageOfPage\":{\"@id\":\"https:\/\/www.space-aero.org\/de\/nachrichten\/mitgliederversammlung-2018\/#primaryimage\"},\"datePublished\":\"2018-12-13T10:03:25+00:00\",\"dateModified\":\"2020-08-18T13:03:54+00:00\",\"author\":{\"@id\":\"https:\/\/www.space-aero.org\/en\/#\/schema\/person\/92fbc91a12328c72d7762a638c8317b8\"},\"breadcrumb\":{\"@id\":\"https:\/\/www.space-aero.org\/de\/nachrichten\/mitgliederversammlung-2018\/#breadcrumb\"},\"inLanguage\":\"de-DE\",\"potentialAction\":[{\"@type\":\"ReadAction\",\"target\":[\"https:\/\/www.space-aero.org\/de\/nachrichten\/mitgliederversammlung-2018\/\"]}]},{\"@type\":\"BreadcrumbList\",\"@id\":\"https:\/\/www.space-aero.org\/de\/nachrichten\/mitgliederversammlung-2018\/#breadcrumb\",\"itemListElement\":[{\"@type\":\"ListItem\",\"position\":1,\"item\":{\"@type\":\"WebPage\",\"@id\":\"https:\/\/www.space-aero.org\/de\/\",\"url\":\"https:\/\/www.space-aero.org\/de\/\",\"name\":\"Home\"}},{\"@type\":\"ListItem\",\"position\":2,\"item\":{\"@type\":\"WebPage\",\"@id\":\"https:\/\/www.space-aero.org\/de\/nachrichten\/mitgliederversammlung-2018\/\",\"url\":\"https:\/\/www.space-aero.org\/de\/nachrichten\/mitgliederversammlung-2018\/\",\"name\":\"Mitgliederversammlung M\\u00e4rz 2018\"}}]},{\"@type\":\"Person\",\"@id\":\"https:\/\/www.space-aero.org\/en\/#\/schema\/person\/92fbc91a12328c72d7762a638c8317b8\",\"name\":\"Alexander Koenemann\"}]}<\/script>\n<!-- \/ Yoast SEO plugin. -->","_links":{"self":[{"href":"https:\/\/www.space-aero.org\/de\/wp-json\/wp\/v2\/posts\/2617"}],"collection":[{"href":"https:\/\/www.space-aero.org\/de\/wp-json\/wp\/v2\/posts"}],"about":[{"href":"https:\/\/www.space-aero.org\/de\/wp-json\/wp\/v2\/types\/post"}],"author":[{"embeddable":true,"href":"https:\/\/www.space-aero.org\/de\/wp-json\/wp\/v2\/users\/22"}],"replies":[{"embeddable":true,"href":"https:\/\/www.space-aero.org\/de\/wp-json\/wp\/v2\/comments?post=2617"}],"version-history":[{"count":8,"href":"https:\/\/www.space-aero.org\/de\/wp-json\/wp\/v2\/posts\/2617\/revisions"}],"predecessor-version":[{"id":6796,"href":"https:\/\/www.space-aero.org\/de\/wp-json\/wp\/v2\/posts\/2617\/revisions\/6796"}],"wp:featuredmedia":[{"embeddable":true,"href":"https:\/\/www.space-aero.org\/de\/wp-json\/wp\/v2\/media\/2622"}],"wp:attachment":[{"href":"https:\/\/www.space-aero.org\/de\/wp-json\/wp\/v2\/media?parent=2617"}],"wp:term":[{"taxonomy":"category","embeddable":true,"href":"https:\/\/www.space-aero.org\/de\/wp-json\/wp\/v2\/categories?post=2617"},{"taxonomy":"post_tag","embeddable":true,"href":"https:\/\/www.space-aero.org\/de\/wp-json\/wp\/v2\/tags?post=2617"}],"curies":[{"name":"wp","href":"https:\/\/api.w.org\/{rel}","templated":true}]}}