{"id":16071,"date":"2024-04-11T15:19:04","date_gmt":"2024-04-11T13:19:04","guid":{"rendered":"https:\/\/www.space-aero.org\/?p=16071"},"modified":"2024-04-11T15:21:10","modified_gmt":"2024-04-11T13:21:10","slug":"asamblea-general-space-2024","status":"publish","type":"post","link":"https:\/\/www.space-aero.org\/es\/sin-categorizar\/asamblea-general-space-2024\/","title":{"rendered":"Asamblea General SPACE 2024"},"content":{"rendered":"<p>El pasado martes 9 de abril celebramos nuestra Asamblea General en Airbus Defence and Space Getafe. Este a\u00f1o, el encuentro se aloj\u00f3 en las nuevas instalaciones de espacio, pudiendo disfrutar tras la reuni\u00f3n de una visita guiada a las instalaciones de Airbus SPACE, donde se fabrican y ensamblan distintas piezas de estructuras del Ariane 6, adem\u00e1s de otros adaptadores de carga para diferentes modelos de cohetes.<\/p>\n<p>Entre los puntos m\u00e1s destacados de la jornada, cabe remarcar el nombramiento de\u00a0Guillermo Sagrario Rueda, HO Supply Management en AIRBUS DEFENCE &amp; SPACE, como nuevo presidente de la asociaci\u00f3n y\u00a0Sergio Camps L\u00f3pez, Director Supply Chain en ACITURRI, como secretario. Tras la adquisici\u00f3n completa de Alestis Aerospace por Aciturri, la junta directiva de SPACE se renueva con un miembro ejecutivo menos.<\/p>\n<p>Tambi\u00e9n pudimos dar la bienvenida a dos nuevos socios:\u00a0SATLANTIS, empresa de tecnolog\u00eda espacial que proporciona soluciones satelitales de muy alta resoluci\u00f3n para la observaci\u00f3n de la Tierra y del Universo, y\u00a0FAYMASA, empresa de ingenier\u00eda y mecanizados de precisi\u00f3n que ofrece soluciones integrales \u00f3ptimas a cualquier proyecto de industrializaci\u00f3n.<\/p>\n<p>Adem\u00e1s hicimos balance de los buenos resultados formativos y anunciamos la incorporaci\u00f3n de los proyectos mutualizados a la actividad de SPACE-Aero Espa\u00f1a, con los que perseguimos mejorar la madurez industrial de la cadena de suministro espa\u00f1ola de una manera m\u00e1s eficiente y medible.<\/p>\n<p>Desde SPACE-Aero Espa\u00f1a agradecemos la asistencia de todos los socios que pudisteis acompa\u00f1arnos y a todo el equipo de AIRBUS que hizo posible el desarrollo de la jornada. Aprovechamos para despedir y dar las gracias a Teresa Escolano Montejo y\u00a0Manuel Santaolalla-Diaz, quienes dejan su representaci\u00f3n en la junta directiva tras muchos a\u00f1os de dedicaci\u00f3n.<\/p>\n","protected":false},"excerpt":{"rendered":"<p>El pasado martes 9 de abril celebramos nuestra Asamblea General en Airbus Defence and Space Getafe. Este a\u00f1o, el encuentro se aloj\u00f3 en las nuevas instalaciones de espacio, pudiendo disfrutar tras la reuni\u00f3n de una visita guiada a las instalaciones&hellip;<\/p>\n","protected":false},"author":26,"featured_media":16076,"comment_status":"closed","ping_status":"closed","sticky":false,"template":"","format":"gallery","meta":[],"categories":[6],"tags":[],"yoast_head":"<!-- This site is optimized with the Yoast SEO plugin v15.7 - https:\/\/yoast.com\/wordpress\/plugins\/seo\/ -->\n<title>Asamblea General SPACE 2024 - SPACE Aero<\/title>\n<meta name=\"description\" content=\"El pasado martes 9 de abril celebramos nuestra Asamblea General en Airbus Defence and Space Getafe. Este a\u00f1o, el encuentro se aloj\u00f3 en las nuevas instalaciones de espacio, pudiendo disfrutar tras la reuni\u00f3n de una visita guiada a las instalaciones de Airbus SPACE, donde se fabrican y ensamblan distintas piezas de estructuras del Ariane 6, adem\u00e1s de otros adaptadores de carga para diferentes modelos de cohetes.\u00a0\" \/>\n<meta name=\"robots\" content=\"index, follow, max-snippet:-1, max-image-preview:large, max-video-preview:-1\" \/>\n<link rel=\"canonical\" href=\"https:\/\/www.space-aero.org\/es\/sin-categorizar\/asamblea-general-space-2024\/\" \/>\n<meta property=\"og:locale\" content=\"es_ES\" \/>\n<meta property=\"og:type\" content=\"article\" \/>\n<meta property=\"og:title\" content=\"Asamblea General SPACE 2024 - SPACE Aero\" \/>\n<meta property=\"og:description\" content=\"El pasado martes 9 de abril celebramos nuestra Asamblea General en Airbus Defence and Space Getafe. Este a\u00f1o, el encuentro se aloj\u00f3 en las nuevas instalaciones de espacio, pudiendo disfrutar tras la reuni\u00f3n de una visita guiada a las instalaciones de Airbus SPACE, donde se fabrican y ensamblan distintas piezas de estructuras del Ariane 6, adem\u00e1s de otros adaptadores de carga para diferentes modelos de cohetes.\u00a0\" \/>\n<meta property=\"og:url\" content=\"https:\/\/www.space-aero.org\/es\/sin-categorizar\/asamblea-general-space-2024\/\" \/>\n<meta property=\"og:site_name\" content=\"SPACE Aero\" \/>\n<meta property=\"article:published_time\" content=\"2024-04-11T13:19:04+00:00\" \/>\n<meta property=\"article:modified_time\" content=\"2024-04-11T13:21:10+00:00\" \/>\n<meta property=\"og:image\" content=\"https:\/\/www.space-aero.org\/wp-content\/uploads\/2024\/04\/AsambleaGeneral2024-1-e1712841372564.jpeg\" \/>\n\t<meta property=\"og:image:width\" content=\"1830\" \/>\n\t<meta property=\"og:image:height\" content=\"940\" \/>\n<meta name=\"twitter:card\" content=\"summary_large_image\" \/>\n<meta name=\"twitter:label1\" content=\"Tiempo de lectura\">\n\t<meta name=\"twitter:data1\" content=\"2 minutos\">\n<script type=\"application\/ld+json\" class=\"yoast-schema-graph\">{\"@context\":\"https:\/\/schema.org\",\"@graph\":[{\"@type\":\"WebSite\",\"@id\":\"https:\/\/www.space-aero.org\/en\/#website\",\"url\":\"https:\/\/www.space-aero.org\/en\/\",\"name\":\"SPACE Aero\",\"description\":\"Supply chain Progress towards Aeronautical Community Excellence\",\"potentialAction\":[{\"@type\":\"SearchAction\",\"target\":\"https:\/\/www.space-aero.org\/en\/?s={search_term_string}\",\"query-input\":\"required name=search_term_string\"}],\"inLanguage\":\"es\"},{\"@type\":\"ImageObject\",\"@id\":\"https:\/\/www.space-aero.org\/es\/sin-categorizar\/asamblea-general-space-2024\/#primaryimage\",\"inLanguage\":\"es\",\"url\":\"https:\/\/www.space-aero.org\/wp-content\/uploads\/2024\/04\/AsambleaGeneral2024-1-e1712841372564.jpeg\",\"width\":1830,\"height\":940},{\"@type\":\"WebPage\",\"@id\":\"https:\/\/www.space-aero.org\/es\/sin-categorizar\/asamblea-general-space-2024\/#webpage\",\"url\":\"https:\/\/www.space-aero.org\/es\/sin-categorizar\/asamblea-general-space-2024\/\",\"name\":\"Asamblea General SPACE 2024 - SPACE Aero\",\"isPartOf\":{\"@id\":\"https:\/\/www.space-aero.org\/en\/#website\"},\"primaryImageOfPage\":{\"@id\":\"https:\/\/www.space-aero.org\/es\/sin-categorizar\/asamblea-general-space-2024\/#primaryimage\"},\"datePublished\":\"2024-04-11T13:19:04+00:00\",\"dateModified\":\"2024-04-11T13:21:10+00:00\",\"author\":{\"@id\":\"https:\/\/www.space-aero.org\/en\/#\/schema\/person\/6309498027f78fb359f0ccc33d297279\"},\"description\":\"El pasado martes 9 de abril celebramos nuestra Asamblea General en Airbus Defence and Space Getafe. Este a\\u00f1o, el encuentro se aloj\\u00f3 en las nuevas instalaciones de espacio, pudiendo disfrutar tras la reuni\\u00f3n de una visita guiada a las instalaciones de Airbus SPACE, donde se fabrican y ensamblan distintas piezas de estructuras del Ariane 6, adem\\u00e1s de otros adaptadores de carga para diferentes modelos de cohetes.\\u00a0\",\"breadcrumb\":{\"@id\":\"https:\/\/www.space-aero.org\/es\/sin-categorizar\/asamblea-general-space-2024\/#breadcrumb\"},\"inLanguage\":\"es\",\"potentialAction\":[{\"@type\":\"ReadAction\",\"target\":[\"https:\/\/www.space-aero.org\/es\/sin-categorizar\/asamblea-general-space-2024\/\"]}]},{\"@type\":\"BreadcrumbList\",\"@id\":\"https:\/\/www.space-aero.org\/es\/sin-categorizar\/asamblea-general-space-2024\/#breadcrumb\",\"itemListElement\":[{\"@type\":\"ListItem\",\"position\":1,\"item\":{\"@type\":\"WebPage\",\"@id\":\"https:\/\/www.space-aero.org\/es\/\",\"url\":\"https:\/\/www.space-aero.org\/es\/\",\"name\":\"Home\"}},{\"@type\":\"ListItem\",\"position\":2,\"item\":{\"@type\":\"WebPage\",\"@id\":\"https:\/\/www.space-aero.org\/es\/sin-categorizar\/asamblea-general-space-2024\/\",\"url\":\"https:\/\/www.space-aero.org\/es\/sin-categorizar\/asamblea-general-space-2024\/\",\"name\":\"Asamblea General SPACE 2024\"}}]},{\"@type\":\"Person\",\"@id\":\"https:\/\/www.space-aero.org\/en\/#\/schema\/person\/6309498027f78fb359f0ccc33d297279\",\"name\":\"Susana Irene Dorado Navas\"}]}<\/script>\n<!-- \/ Yoast SEO plugin. -->","_links":{"self":[{"href":"https:\/\/www.space-aero.org\/es\/wp-json\/wp\/v2\/posts\/16071"}],"collection":[{"href":"https:\/\/www.space-aero.org\/es\/wp-json\/wp\/v2\/posts"}],"about":[{"href":"https:\/\/www.space-aero.org\/es\/wp-json\/wp\/v2\/types\/post"}],"author":[{"embeddable":true,"href":"https:\/\/www.space-aero.org\/es\/wp-json\/wp\/v2\/users\/26"}],"replies":[{"embeddable":true,"href":"https:\/\/www.space-aero.org\/es\/wp-json\/wp\/v2\/comments?post=16071"}],"version-history":[{"count":3,"href":"https:\/\/www.space-aero.org\/es\/wp-json\/wp\/v2\/posts\/16071\/revisions"}],"predecessor-version":[{"id":16082,"href":"https:\/\/www.space-aero.org\/es\/wp-json\/wp\/v2\/posts\/16071\/revisions\/16082"}],"wp:featuredmedia":[{"embeddable":true,"href":"https:\/\/www.space-aero.org\/es\/wp-json\/wp\/v2\/media\/16076"}],"wp:attachment":[{"href":"https:\/\/www.space-aero.org\/es\/wp-json\/wp\/v2\/media?parent=16071"}],"wp:term":[{"taxonomy":"category","embeddable":true,"href":"https:\/\/www.space-aero.org\/es\/wp-json\/wp\/v2\/categories?post=16071"},{"taxonomy":"post_tag","embeddable":true,"href":"https:\/\/www.space-aero.org\/es\/wp-json\/wp\/v2\/tags?post=16071"}],"curies":[{"name":"wp","href":"https:\/\/api.w.org\/{rel}","templated":true}]}}