{"id":5407,"date":"2019-09-29T15:26:18","date_gmt":"2019-09-29T13:26:18","guid":{"rendered":"https:\/\/www.space-aero.org\/?p=5407"},"modified":"2019-09-29T15:32:24","modified_gmt":"2019-09-29T13:32:24","slug":"metraltec-duplica-su-capacidad-productiva-tras-invertir-7-millones-en-una-nueva-fabrica-de-6-800m2","status":"publish","type":"post","link":"https:\/\/www.space-aero.org\/es\/sin-categorizar\/metraltec-duplica-su-capacidad-productiva-tras-invertir-7-millones-en-una-nueva-fabrica-de-6-800m2\/","title":{"rendered":"Metraltec duplica su capacidad productiva tras invertir 7 millones en una nueva f\u00e1brica de 6.800m2"},"content":{"rendered":"<p>La compa\u00f1\u00eda alavesa, Metraltec, apuesta por consolidarse como proveedor integral de los Tier-1 aeron\u00e1uticos. Esta estrategia se materializa con la construcci\u00f3n de una nueva planta de 6.800m2 en el pol\u00edgono industrial de Beto\u00f1o y la renovaci\u00f3n de buena parte de los equipos.<\/p>\n<p>La I+D se centrar\u00e1 en afrontar la migraci\u00f3n de los m\u00e9todos manuales hacia procedimientos autom\u00e1ticos y controlados mediante la incorporaci\u00f3n de herramientas de la industria 4.0.<\/p>\n<p>Implantar\u00e1n nuevos procesos especiales asociados a programas como el A350, al tiempo que estudiar\u00e1n el establecimiento de alianzas con otros proveedores nacionales que les permitan ofrecer soluciones completas integrando otros procesos potenciando as\u00ed su acci\u00f3n en Francia y Alemania.<\/p>\n<p><a href=\"https:\/\/www.space-aero.org\/wp-content\/uploads\/2019\/09\/articulo-metraltec.pdf\">Enlace al art\u00edculo en prensa redactado por Vicky L\u00f3pez.<\/a><\/p>\n","protected":false},"excerpt":{"rendered":"<p>La compa\u00f1\u00eda alavesa, Metraltec, apuesta por consolidarse como proveedor integral de los Tier-1 aeron\u00e1uticos. Esta estrategia se materializa con la construcci\u00f3n de una nueva planta de 6.800m2 en el pol\u00edgono industrial de Beto\u00f1o y la renovaci\u00f3n de buena parte de&hellip;<\/p>\n","protected":false},"author":23,"featured_media":4253,"comment_status":"closed","ping_status":"closed","sticky":false,"template":"","format":"standard","meta":[],"categories":[6],"tags":[],"yoast_head":"<!-- This site is optimized with the Yoast SEO plugin v15.7 - https:\/\/yoast.com\/wordpress\/plugins\/seo\/ -->\n<title>Metraltec duplica su capacidad productiva tras invertir 7 millones en una nueva f\u00e1brica de 6.800m2 - SPACE Aero<\/title>\n<meta name=\"robots\" content=\"index, follow, max-snippet:-1, max-image-preview:large, max-video-preview:-1\" \/>\n<link rel=\"canonical\" href=\"https:\/\/www.space-aero.org\/es\/sin-categorizar\/metraltec-duplica-su-capacidad-productiva-tras-invertir-7-millones-en-una-nueva-fabrica-de-6-800m2\/\" \/>\n<meta property=\"og:locale\" content=\"es_ES\" \/>\n<meta property=\"og:type\" content=\"article\" \/>\n<meta property=\"og:title\" content=\"Metraltec duplica su capacidad productiva tras invertir 7 millones en una nueva f\u00e1brica de 6.800m2 - SPACE Aero\" \/>\n<meta property=\"og:description\" content=\"La compa\u00f1\u00eda alavesa, Metraltec, apuesta por consolidarse como proveedor integral de los Tier-1 aeron\u00e1uticos. Esta estrategia se materializa con la construcci\u00f3n de una nueva planta de 6.800m2 en el pol\u00edgono industrial de Beto\u00f1o y la renovaci\u00f3n de buena parte de&hellip;\" \/>\n<meta property=\"og:url\" content=\"https:\/\/www.space-aero.org\/es\/sin-categorizar\/metraltec-duplica-su-capacidad-productiva-tras-invertir-7-millones-en-una-nueva-fabrica-de-6-800m2\/\" \/>\n<meta property=\"og:site_name\" content=\"SPACE Aero\" \/>\n<meta property=\"article:published_time\" content=\"2019-09-29T13:26:18+00:00\" \/>\n<meta property=\"article:modified_time\" content=\"2019-09-29T13:32:24+00:00\" \/>\n<meta property=\"og:image\" content=\"https:\/\/www.space-aero.org\/wp-content\/uploads\/2019\/01\/METRALTEC.png\" \/>\n\t<meta property=\"og:image:width\" content=\"300\" \/>\n\t<meta property=\"og:image:height\" content=\"150\" \/>\n<meta name=\"twitter:card\" content=\"summary_large_image\" \/>\n<meta name=\"twitter:label1\" content=\"Tiempo de lectura\">\n\t<meta name=\"twitter:data1\" content=\"1 minuto\">\n<script type=\"application\/ld+json\" class=\"yoast-schema-graph\">{\"@context\":\"https:\/\/schema.org\",\"@graph\":[{\"@type\":\"WebSite\",\"@id\":\"https:\/\/www.space-aero.org\/en\/#website\",\"url\":\"https:\/\/www.space-aero.org\/en\/\",\"name\":\"SPACE Aero\",\"description\":\"Supply chain Progress towards Aeronautical Community Excellence\",\"potentialAction\":[{\"@type\":\"SearchAction\",\"target\":\"https:\/\/www.space-aero.org\/en\/?s={search_term_string}\",\"query-input\":\"required name=search_term_string\"}],\"inLanguage\":\"es\"},{\"@type\":\"ImageObject\",\"@id\":\"https:\/\/www.space-aero.org\/es\/sin-categorizar\/metraltec-duplica-su-capacidad-productiva-tras-invertir-7-millones-en-una-nueva-fabrica-de-6-800m2\/#primaryimage\",\"inLanguage\":\"es\",\"url\":\"https:\/\/www.space-aero.org\/wp-content\/uploads\/2019\/01\/METRALTEC.png\",\"width\":300,\"height\":150},{\"@type\":\"WebPage\",\"@id\":\"https:\/\/www.space-aero.org\/es\/sin-categorizar\/metraltec-duplica-su-capacidad-productiva-tras-invertir-7-millones-en-una-nueva-fabrica-de-6-800m2\/#webpage\",\"url\":\"https:\/\/www.space-aero.org\/es\/sin-categorizar\/metraltec-duplica-su-capacidad-productiva-tras-invertir-7-millones-en-una-nueva-fabrica-de-6-800m2\/\",\"name\":\"Metraltec duplica su capacidad productiva tras invertir 7 millones en una nueva f\\u00e1brica de 6.800m2 - SPACE Aero\",\"isPartOf\":{\"@id\":\"https:\/\/www.space-aero.org\/en\/#website\"},\"primaryImageOfPage\":{\"@id\":\"https:\/\/www.space-aero.org\/es\/sin-categorizar\/metraltec-duplica-su-capacidad-productiva-tras-invertir-7-millones-en-una-nueva-fabrica-de-6-800m2\/#primaryimage\"},\"datePublished\":\"2019-09-29T13:26:18+00:00\",\"dateModified\":\"2019-09-29T13:32:24+00:00\",\"author\":{\"@id\":\"https:\/\/www.space-aero.org\/en\/#\/schema\/person\/4f023802536666d793fea5dd4c0b8f4f\"},\"breadcrumb\":{\"@id\":\"https:\/\/www.space-aero.org\/es\/sin-categorizar\/metraltec-duplica-su-capacidad-productiva-tras-invertir-7-millones-en-una-nueva-fabrica-de-6-800m2\/#breadcrumb\"},\"inLanguage\":\"es\",\"potentialAction\":[{\"@type\":\"ReadAction\",\"target\":[\"https:\/\/www.space-aero.org\/es\/sin-categorizar\/metraltec-duplica-su-capacidad-productiva-tras-invertir-7-millones-en-una-nueva-fabrica-de-6-800m2\/\"]}]},{\"@type\":\"BreadcrumbList\",\"@id\":\"https:\/\/www.space-aero.org\/es\/sin-categorizar\/metraltec-duplica-su-capacidad-productiva-tras-invertir-7-millones-en-una-nueva-fabrica-de-6-800m2\/#breadcrumb\",\"itemListElement\":[{\"@type\":\"ListItem\",\"position\":1,\"item\":{\"@type\":\"WebPage\",\"@id\":\"https:\/\/www.space-aero.org\/es\/\",\"url\":\"https:\/\/www.space-aero.org\/es\/\",\"name\":\"Home\"}},{\"@type\":\"ListItem\",\"position\":2,\"item\":{\"@type\":\"WebPage\",\"@id\":\"https:\/\/www.space-aero.org\/es\/sin-categorizar\/metraltec-duplica-su-capacidad-productiva-tras-invertir-7-millones-en-una-nueva-fabrica-de-6-800m2\/\",\"url\":\"https:\/\/www.space-aero.org\/es\/sin-categorizar\/metraltec-duplica-su-capacidad-productiva-tras-invertir-7-millones-en-una-nueva-fabrica-de-6-800m2\/\",\"name\":\"Metraltec duplica su capacidad productiva tras invertir 7 millones en una nueva f\\u00e1brica de 6.800m2\"}}]},{\"@type\":\"Person\",\"@id\":\"https:\/\/www.space-aero.org\/en\/#\/schema\/person\/4f023802536666d793fea5dd4c0b8f4f\",\"name\":\"Maria Lourdes Gantes Pedraza\"}]}<\/script>\n<!-- \/ Yoast SEO plugin. -->","_links":{"self":[{"href":"https:\/\/www.space-aero.org\/es\/wp-json\/wp\/v2\/posts\/5407"}],"collection":[{"href":"https:\/\/www.space-aero.org\/es\/wp-json\/wp\/v2\/posts"}],"about":[{"href":"https:\/\/www.space-aero.org\/es\/wp-json\/wp\/v2\/types\/post"}],"author":[{"embeddable":true,"href":"https:\/\/www.space-aero.org\/es\/wp-json\/wp\/v2\/users\/23"}],"replies":[{"embeddable":true,"href":"https:\/\/www.space-aero.org\/es\/wp-json\/wp\/v2\/comments?post=5407"}],"version-history":[{"count":4,"href":"https:\/\/www.space-aero.org\/es\/wp-json\/wp\/v2\/posts\/5407\/revisions"}],"predecessor-version":[{"id":5411,"href":"https:\/\/www.space-aero.org\/es\/wp-json\/wp\/v2\/posts\/5407\/revisions\/5411"}],"wp:featuredmedia":[{"embeddable":true,"href":"https:\/\/www.space-aero.org\/es\/wp-json\/wp\/v2\/media\/4253"}],"wp:attachment":[{"href":"https:\/\/www.space-aero.org\/es\/wp-json\/wp\/v2\/media?parent=5407"}],"wp:term":[{"taxonomy":"category","embeddable":true,"href":"https:\/\/www.space-aero.org\/es\/wp-json\/wp\/v2\/categories?post=5407"},{"taxonomy":"post_tag","embeddable":true,"href":"https:\/\/www.space-aero.org\/es\/wp-json\/wp\/v2\/tags?post=5407"}],"curies":[{"name":"wp","href":"https:\/\/api.w.org\/{rel}","templated":true}]}}